[{"@context":"https:\/\/schema.org\/","@type":"Article","@id":"https:\/\/www.acei.cz\/caravan-versus-obytny-automobil\/#Article","mainEntityOfPage":"https:\/\/www.acei.cz\/caravan-versus-obytny-automobil\/","headline":"Caravan versus obytn\u00fd automobil","name":"Caravan versus obytn\u00fd automobil","description":"Nejd\u0159\u00edve trochu vysv\u011btlov\u00e1n\u00ed. Rozd\u00edl mezi caravanem a obytn\u00fdm vozem je v tom, \u017ee caravan se p\u0159ip\u00edn\u00e1 za osobn\u00ed auto pomoc\u00ed ta\u017en\u00e9ho za\u0159\u00edzen\u00ed a tvo\u0159\u00ed tak dlouhou soupravu. P\u0159i j\u00edzd\u011b soupravy v\u0161ichni pasa\u017e\u00e9\u0159i sed\u00ed v ta\u017en\u00e9m automobilu, v p\u0159ipojen\u00e9m caravanu je p\u0159eprava osob zak\u00e1z\u00e1na. Na rozd\u00edl od caravanu je obytn\u00fd automobil jeden celek. Auto i obytn\u00e1","datePublished":"2020-09-10","dateModified":"2020-09-10","author":{"@type":"Person","@id":"https:\/\/www.acei.cz\/author\/#Person","name":"acei.cz\n","url":"https:\/\/www.acei.cz\/author\/","identifier":1,"image":{"@type":"ImageObject","@id":"https:\/\/secure.gravatar.com\/avatar\/d6cba3ab97c30e0df0e32548954cb6b1550f4672bd3a4687bf1118b122d757e8?s=96&d=mm&r=g","url":"https:\/\/secure.gravatar.com\/avatar\/d6cba3ab97c30e0df0e32548954cb6b1550f4672bd3a4687bf1118b122d757e8?s=96&d=mm&r=g","height":96,"width":96}},"publisher":{"@type":"Organization","name":"acei.cz","logo":{"@type":"ImageObject","@id":"\/logo.png","url":"\/logo.png","width":600,"height":60}},"image":{"@type":"ImageObject","@id":"https:\/\/www.acei.cz\/wp-content\/uploads\/img_a330112_w2726_t1542660038.jpg","url":"https:\/\/www.acei.cz\/wp-content\/uploads\/img_a330112_w2726_t1542660038.jpg","height":0,"width":0},"url":"https:\/\/www.acei.cz\/caravan-versus-obytny-automobil\/","wordCount":499,"articleBody":"Nejd\u0159\u00edve trochu vysv\u011btlov\u00e1n\u00ed. Rozd\u00edl mezi caravanem a obytn\u00fdm vozem je v tom, \u017ee caravan se p\u0159ip\u00edn\u00e1 za osobn\u00ed auto pomoc\u00ed ta\u017en\u00e9ho za\u0159\u00edzen\u00ed a tvo\u0159\u00ed tak dlouhou soupravu. P\u0159i j\u00edzd\u011b soupravy v\u0161ichni pasa\u017e\u00e9\u0159i sed\u00ed v ta\u017en\u00e9m automobilu, v p\u0159ipojen\u00e9m caravanu je p\u0159eprava osob zak\u00e1z\u00e1na. Na rozd\u00edl od caravanu je obytn\u00fd automobil jeden celek. Auto i obytn\u00e1 \u010d\u00e1st tvo\u0159\u00ed jedna velk\u00e1 sk\u0159\u00ed\u0148. Jen p\u0159edek obytn\u00e9ho auta p\u0159ipom\u00edn\u00e1 automobil d\u00edky. V\u011bt\u0161ina s evropsk\u00fdch obytn\u00fdch automobil\u016f je stav\u011bna na podvozku n\u011bkter\u00e9 z dod\u00e1vek. Je jen n\u011bkolik m\u00e1lo v\u00fdrobc\u016f, kte\u0159\u00ed vyr\u00e1b\u011bj\u00ed obytn\u00e9 automobily bez vyu\u017eit\u00ed karoserie z dod\u00e1vky.Se soupravou i s obytn\u00fdm vozem se jezd\u00ed pom\u011brn\u011b pohodln\u011b. Alespo\u0148 sm\u011brem v p\u0159ed. Couv\u00e1n\u00ed je u soupravy pon\u011bkud slo\u017eit\u011bj\u0161\u00ed. Pokud tedy nen\u00ed v\u00e1\u0161 automobil vybaven parkovac\u00edm asistentem pro couv\u00e1n\u00ed s\u00a0p\u0159\u00edv\u011bsem, kter\u00fd probl\u00e9my p\u0159i couv\u00e1n\u00ed v\u00a0podstat\u011b eliminuje.Modern\u00ed obytn\u00fd v\u016fz je vybaven alespo\u0148 parkovac\u00ed kamerou. Jedin\u00fd rozd\u00edl mezi \u0159\u00edzen\u00edm velk\u00e9ho obytn\u00e9ho automobilu a osobn\u00edho auta je jen v rozm\u011bru obou typ\u016f voz\u016f. Tak\u017ee si sta\u010d\u00ed zvyknout na v\u011bt\u0161\u00ed rozm\u011bry (nejl\u00e9pe p\u0159i n\u011bjak\u00e9 zku\u0161ebn\u00ed j\u00edzd\u011b) a m\u016f\u017eete vyrazit na dovolenou.P\u0159i pl\u00e1nov\u00e1n\u00ed trasy mus\u00edte d\u00e1vat pozor na pr\u016fjezdn\u00e1 m\u00edsta s men\u0161\u00ed sv\u011btlou v\u00fd\u0161kou. To je jedna z nev\u00fdhod obytn\u00e9ho vozu. Je dost vysok\u00fd, tak\u017ee pozor na n\u00edzk\u00e9 pr\u016fjezdy. Tak\u00e9 m\u016f\u017eete m\u00edt probl\u00e9m v n\u011bkter\u00fdch tunelech. Nejezd\u011bte v nich a\u017e ke kraji a hlavn\u011b p\u0159ed vjezdem do sn\u00ed\u017een\u00fdch profil\u016f si \u010dt\u011bte \u00fadaj o jejich v\u00fd\u0161ce.Nejv\u011bt\u0161\u00ed rozd\u00edl mezi ob\u011bma turistick\u00fdmi prost\u0159edky je v okam\u017eiku kdy se ut\u00e1bo\u0159\u00edte v kempu. P\u0159\u00edv\u011bs jednodu\u0161e odpoj\u00edte. Se samotn\u00fdm autem pak m\u016f\u017eete podnikat v\u00fdlety.Pokud m\u00e1te obytn\u00e9 auto, kdekoli chcete jet, mus\u00edte jet i s obytn\u00fdm vozem. Tedy v\u0161e sbalit a teprve pak m\u016f\u017eete vyrazit. Je mo\u017en\u00e9, \u017ee ne\u017e se vr\u00e1t\u00edte, va\u0161e m\u00edste\u010dko v kempu u\u017e bude obsazen\u00e9. Z toho vypl\u00fdv\u00e1, \u017ee obytn\u00fd v\u016fz je vhodn\u011bj\u0161\u00ed pro cestov\u00e1n\u00ed putovn\u00edho typu. Tedy hezky z m\u00edsta na m\u00edsto a nikde se dlouho nezdr\u017eovat. Caravan je zase fajn na zp\u016fsob dovolen\u00e9, kdy doraz\u00edte na jedno m\u00edsto a z n\u011bj pak podnik\u00e1te hv\u011bzdicovit\u011b v\u00fdpady po okol\u00ed. Inu ka\u017ed\u00fd chce n\u011bco jin\u00e9ho. V\u00a0ka\u017ed\u00e9m p\u0159\u00edpad\u011b jde ale o dobrodru\u017en\u011bj\u0161\u00ed cestov\u00e1n\u00ed, ne\u017e je j\u00edzda po hotel\u00edch.\u00a0                                                                                                                                                                                                                                                                                                                                                                                        3.3\/5 - (3 votes)        "},{"@context":"https:\/\/schema.org\/","@type":"BreadcrumbList","itemListElement":[{"@type":"ListItem","position":1,"name":"Caravan versus obytn\u00fd automobil","item":"https:\/\/www.acei.cz\/caravan-versus-obytny-automobil\/#breadcrumbitem"}]}]