[{"@context":"https:\/\/schema.org\/","@type":"Article","@id":"https:\/\/www.acei.cz\/dovolena-trochu-jinak\/#Article","mainEntityOfPage":"https:\/\/www.acei.cz\/dovolena-trochu-jinak\/","headline":"Dovolen\u00e1 trochu jinak","name":"Dovolen\u00e1 trochu jinak","description":"B\u011bhem dovolen\u00e9 si chceme u\u017e\u00edt voln\u00e9 dny bez pr\u00e1ce a na\u010derpat nov\u00e9 s\u00edly. Je jasn\u00e9 \u017ee jen minimum lid\u00ed by cht\u011blo dovolenou str\u00e1vit zu\u0159iv\u00fdm \u0161plh\u00e1n\u00edm po hor\u00e1ch. V\u011bt\u0161ina lid\u00ed si rad\u011bji zajede k mo\u0159i, kde si u\u017eij\u00ed kr\u00e1snou pl\u00e1\u017e a slunce. Ne\u017e ka\u017ed\u00fd je ale milovn\u00edk horka, a proto i l\u00e9to tr\u00e1v\u00ed jinde. M\u016f\u017eete letos","datePublished":"2023-03-10","dateModified":"2023-05-31","author":{"@type":"Person","@id":"https:\/\/www.acei.cz\/author\/#Person","name":"acei.cz\n","url":"https:\/\/www.acei.cz\/author\/","identifier":1,"image":{"@type":"ImageObject","@id":"https:\/\/secure.gravatar.com\/avatar\/d6cba3ab97c30e0df0e32548954cb6b1550f4672bd3a4687bf1118b122d757e8?s=96&d=mm&r=g","url":"https:\/\/secure.gravatar.com\/avatar\/d6cba3ab97c30e0df0e32548954cb6b1550f4672bd3a4687bf1118b122d757e8?s=96&d=mm&r=g","height":96,"width":96}},"publisher":{"@type":"Organization","name":"acei.cz","logo":{"@type":"ImageObject","@id":"\/logo.png","url":"\/logo.png","width":600,"height":60}},"image":{"@type":"ImageObject","@id":"https:\/\/www.acei.cz\/wp-content\/uploads\/building-g742cdaf94_640.jpg","url":"https:\/\/www.acei.cz\/wp-content\/uploads\/building-g742cdaf94_640.jpg","height":0,"width":0},"url":"https:\/\/www.acei.cz\/dovolena-trochu-jinak\/","about":["Web"],"wordCount":435,"articleBody":"   B\u011bhem dovolen\u00e9 si chceme u\u017e\u00edt voln\u00e9 dny bez pr\u00e1ce a na\u010derpat nov\u00e9 s\u00edly. Je jasn\u00e9 \u017ee jen minimum lid\u00ed by cht\u011blo dovolenou str\u00e1vit zu\u0159iv\u00fdm \u0161plh\u00e1n\u00edm po hor\u00e1ch. V\u011bt\u0161ina lid\u00ed si rad\u011bji zajede k mo\u0159i, kde si u\u017eij\u00ed kr\u00e1snou pl\u00e1\u017e a slunce. Ne\u017e ka\u017ed\u00fd je ale milovn\u00edk horka, a proto i l\u00e9to tr\u00e1v\u00ed jinde. M\u016f\u017eete letos zm\u011bnit pl\u00e1ny a zajet si \u00fapln\u011b n\u011bkam jinam. Pokud m\u00e1te fyzicky nam\u00e1havou pr\u00e1ci, ur\u010dit\u011b by se v\u00e1m hodily l\u00e1zn\u011b. Nemus\u00edte str\u00e1vit celou dovolenou zav\u0159en\u00ed v l\u00e1ze\u0148sk\u00e9m dom\u011b, ale ur\u010dit\u011b by se v\u00e1m hodila speci\u00e1ln\u00ed l\u00e1ze\u0148 na bolav\u00e9 klouby nebo mas\u00e1\u017e, kter\u00e1 v\u00e1m uvoln\u00ed ztuhl\u00fd krk.Ubytovat se m\u016f\u017eete v bl\u00edzkosti l\u00e1zn\u00ed a nebo p\u0159\u00edmo v m\u00edst\u011b, kde se l\u00e1zn\u011b nach\u00e1z\u00ed. Vyrazit m\u016f\u017eete nejen po \u010cesk\u00e9 republice, kde jsou zn\u00e1m\u00e9 t\u0159eba Franti\u0161kovy l\u00e1zn\u011b a nebo Karlovy Vary, ale m\u016f\u017eete vyrazit t\u0159eba na Slovensko. I tady m\u00e1 l\u00e1ze\u0148stv\u00ed dlouhou tradici a m\u016f\u017eete se tady t\u011b\u0161it na kr\u00e1sn\u00e9 prost\u0159ed\u00ed, velk\u00fd v\u00fdb\u011br ubytov\u00e1n\u00ed i skv\u011bl\u00e9 procedury. Jedn\u00edm z nejzn\u00e1m\u011bj\u0161\u00edch l\u00e1zn\u00ed je Velk\u00fd Meder, kter\u00fd je zn\u00e1m\u00fd pro procedury pro lidi s probl\u00e9my s pohybov\u00fdm apar\u00e1tem. Lid\u00e9 si sem jezd\u00ed l\u00e9\u010dit klouby po operaci a jezd\u00ed sem i preventivn\u011b. Na sv\u011bt snad nen\u00ed \u010dlov\u011bk, kter\u00e9mu by l\u00e1zn\u011b u\u0161kodily.P\u0159em\u00fd\u0161l\u00edte nad t\u00edm \u017ee pojedete na Slovensko a vyu\u017eijete mo\u017enost l\u00e1ze\u0148sk\u00fdch procedur? Co se t\u00fd\u010de ubytov\u00e1n\u00ed &#8211; Velk\u00fd Meder Travelguide je l\u00e1ze\u0148sk\u00e9 m\u011bsto, tak\u017ee zde najdete p\u0159\u00edmo l\u00e1ze\u0148sk\u00e9 domy, ale i celou \u0159adu hotel\u016f a penzion\u016f a to nejen p\u0159\u00edmo ve m\u011bst\u011b, ale i v bezprost\u0159edn\u00edm okol\u00ed. Vybrat si m\u016f\u017eete ubytov\u00e1n\u00ed jen pro sebe ale i pro celou rodinu v p\u0159\u00edpad\u011b rodinn\u00e9 dovolen\u00e9 a pokud m\u00e1te rad\u011bji dovolenou po vlastn\u00ed ose, ur\u010dit\u011b vyu\u017eijete mo\u017enost pron\u00e1jmu apartm\u00e1nu s kuchy\u0148sk\u00fdm koutem, kde si m\u016f\u017eete uva\u0159it j\u00eddlo podle sebe a nemus\u00edte b\u00fdt v\u00e1z\u00e1ni otev\u00edrac\u00ed dobou hotelov\u00e9 kuchyn\u011b a nebo okoln\u00edch restaurac\u00ed. U\u017eijte si skv\u011blou dovolenou, kter\u00e1 v\u00e1s kousek od hranic \u010dek\u00e1.                                                                                                                                                                                                                                                                                                                                                                                          4.5\/5 - (8 votes)        "},{"@context":"https:\/\/schema.org\/","@type":"BreadcrumbList","itemListElement":[{"@type":"ListItem","position":1,"name":"Dovolen\u00e1 trochu jinak","item":"https:\/\/www.acei.cz\/dovolena-trochu-jinak\/#breadcrumbitem"}]}]