[{"@context":"https:\/\/schema.org\/","@type":"Article","@id":"https:\/\/www.acei.cz\/lepsi-tepelna-i-zvukova-izolace\/#Article","mainEntityOfPage":"https:\/\/www.acei.cz\/lepsi-tepelna-i-zvukova-izolace\/","headline":"Lep\u0161\u00ed tepeln\u00e1 i zvukov\u00e1 izolace","name":"Lep\u0161\u00ed tepeln\u00e1 i zvukov\u00e1 izolace","description":"Bydl\u00edte ve star\u0161\u00edm dom\u011b nebo byt\u011b a uva\u017eujete nad t\u00edm, \u017ee je pot\u0159eba vym\u011bnit star\u00e1 okna za nov\u00e1? Jedn\u00e1 se sice o v\u011bt\u0161\u00ed investici, ale v\u011b\u0159te tomu, \u017ee se V\u00e1m \u010dasem vr\u00e1t\u00ed d\u00edky tomu, \u017ee bude V\u00e1\u0161 d\u016fm l\u00e9pe zaizolovan\u00fd a nebude V\u00e1m z dom\u00e1cnosti ut\u00edkat tolik tepla. Tepeln\u00e1 izolace ov\u0161em nen\u00ed jedinou v\u00fdhodou, dal\u0161\u00ed","datePublished":"2024-10-27","dateModified":"2024-10-27","author":{"@type":"Person","@id":"https:\/\/www.acei.cz\/author\/#Person","name":"acei.cz\n","url":"https:\/\/www.acei.cz\/author\/","identifier":1,"image":{"@type":"ImageObject","@id":"https:\/\/secure.gravatar.com\/avatar\/d6cba3ab97c30e0df0e32548954cb6b1550f4672bd3a4687bf1118b122d757e8?s=96&d=mm&r=g","url":"https:\/\/secure.gravatar.com\/avatar\/d6cba3ab97c30e0df0e32548954cb6b1550f4672bd3a4687bf1118b122d757e8?s=96&d=mm&r=g","height":96,"width":96}},"publisher":{"@type":"Organization","name":"acei.cz","logo":{"@type":"ImageObject","@id":"\/logo.png","url":"\/logo.png","width":600,"height":60}},"url":"https:\/\/www.acei.cz\/lepsi-tepelna-i-zvukova-izolace\/","wordCount":260,"articleBody":"Bydl\u00edte ve star\u0161\u00edm dom\u011b nebo byt\u011b a uva\u017eujete nad t\u00edm, \u017ee je pot\u0159eba vym\u011bnit star\u00e1 okna za nov\u00e1? Jedn\u00e1 se sice o v\u011bt\u0161\u00ed investici, ale v\u011b\u0159te tomu, \u017ee se V\u00e1m \u010dasem vr\u00e1t\u00ed d\u00edky tomu, \u017ee bude V\u00e1\u0161 d\u016fm l\u00e9pe zaizolovan\u00fd a nebude V\u00e1m z dom\u00e1cnosti ut\u00edkat tolik tepla. Tepeln\u00e1 izolace ov\u0161em nen\u00ed jedinou v\u00fdhodou, dal\u0161\u00ed je tak\u00e9 izolace zvukov\u00e1. Pokud tedy pl\u00e1nujete nov\u00e9 v\u00fdpln\u011b stavebn\u00edch otvor\u016f, je v\u017edy pot\u0159eba v\u0161e n\u00e1le\u017eit\u011b promyslet a obr\u00e1tit se na n\u011bkoho, kdo se v dan\u00e9m oboru pohybuje u\u017e n\u011bjakou dobu a p\u0159esn\u011b v\u00ed, co m\u016f\u017ee sv\u00fdm klient\u016fm sl\u00edbit a nab\u00eddnout.\tZvolte si pr\u00e1v\u011b n\u00e1sMont\u00e1\u017e oken, kterou prov\u00e1d\u00edme, je v\u017edy provedena opravdu kvalitn\u011b a d\u00edky tomu si m\u016f\u017eete b\u00fdt jist\u00ed, \u017ee nenastanou \u017e\u00e1dn\u00e9 probl\u00e9my. To je d\u016fvod, pro\u010d byste si m\u011bli vybrat pr\u00e1v\u011b n\u00e1s a na\u0161e slu\u017eby. Jakmile n\u00e1m sd\u011bl\u00edte Va\u0161e po\u017eadavky, my podle toho vypracujeme n\u00e1vrh toho, jak by mohlo v\u0161e vypadat a dozv\u00edte se i to, kolik korun by to m\u011blo st\u00e1t. Pokud v\u0161e schv\u00e1l\u00edte, domluv\u00edme se na term\u00ednu za\u010d\u00e1tku prac\u00ed. Zajist\u00edme v\u0161e pot\u0159ebn\u00e9, od po\u010d\u00e1te\u010dn\u00edho p\u0159\u00edpadn\u00e9ho vybour\u00e1v\u00e1n\u00ed, a\u017e po kone\u010dn\u00fd \u00faklid.                                                                                                                                                                                                                                                                                                                                                                                        3.7\/5 - (6 votes)        "},{"@context":"https:\/\/schema.org\/","@type":"BreadcrumbList","itemListElement":[{"@type":"ListItem","position":1,"name":"Lep\u0161\u00ed tepeln\u00e1 i zvukov\u00e1 izolace","item":"https:\/\/www.acei.cz\/lepsi-tepelna-i-zvukova-izolace\/#breadcrumbitem"}]}]