[{"@context":"https:\/\/schema.org\/","@type":"Article","@id":"https:\/\/www.acei.cz\/oblecte-se-krasne-ale-i-pohodlne\/#Article","mainEntityOfPage":"https:\/\/www.acei.cz\/oblecte-se-krasne-ale-i-pohodlne\/","headline":"Oble\u010dte se kr\u00e1sn\u011b, ale i pohodln\u011b","name":"Oble\u010dte se kr\u00e1sn\u011b, ale i pohodln\u011b","description":"Svatba, to je ud\u00e1lost, na kterou jist\u011b netrp\u011bliv\u011b \u010dek\u00e1te, pokud se j\u00ed aktivn\u011b \u00fa\u010dastn\u00edte, a to jako nev\u011bsta. Je to akce, kter\u00e1 naprosto zm\u011bn\u00ed cel\u00fd v\u00e1\u0161 \u017eivot, a to ur\u010dit\u011b k lep\u0161\u00edmu. Pokud se ji\u017e nem\u016f\u017eete do\u010dkat toho, a\u017e si se sv\u00fdm mu\u017eem kone\u010dn\u011b \u0159eknete ano, pak myslete na to, co v\u00e1s je\u0161t\u011b p\u0159ed t\u00edmto","datePublished":"2023-07-31","dateModified":"2023-07-31","author":{"@type":"Person","@id":"https:\/\/www.acei.cz\/author\/#Person","name":"acei.cz\n","url":"https:\/\/www.acei.cz\/author\/","identifier":1,"image":{"@type":"ImageObject","@id":"https:\/\/secure.gravatar.com\/avatar\/d6cba3ab97c30e0df0e32548954cb6b1550f4672bd3a4687bf1118b122d757e8?s=96&d=mm&r=g","url":"https:\/\/secure.gravatar.com\/avatar\/d6cba3ab97c30e0df0e32548954cb6b1550f4672bd3a4687bf1118b122d757e8?s=96&d=mm&r=g","height":96,"width":96}},"publisher":{"@type":"Organization","name":"acei.cz","logo":{"@type":"ImageObject","@id":"\/logo.png","url":"\/logo.png","width":600,"height":60}},"url":"https:\/\/www.acei.cz\/oblecte-se-krasne-ale-i-pohodlne\/","wordCount":248,"articleBody":"Svatba, to je ud\u00e1lost, na kterou jist\u011b netrp\u011bliv\u011b \u010dek\u00e1te, pokud se j\u00ed aktivn\u011b \u00fa\u010dastn\u00edte, a to jako nev\u011bsta. Je to akce, kter\u00e1 naprosto zm\u011bn\u00ed cel\u00fd v\u00e1\u0161 \u017eivot, a to ur\u010dit\u011b k lep\u0161\u00edmu. Pokud se ji\u017e nem\u016f\u017eete do\u010dkat toho, a\u017e si se sv\u00fdm mu\u017eem kone\u010dn\u011b \u0159eknete ano, pak myslete na to, co v\u00e1s je\u0161t\u011b p\u0159ed t\u00edmto okam\u017eikem \u010dek\u00e1. Budou to hodiny p\u0159\u00edpravy, a to i v r\u016fzn\u00fdch sal\u00f3nech, kde budete vyb\u00edrat ty spr\u00e1vn\u00e9 \u0161aty. Pro n\u011bkoho je hled\u00e1n\u00ed stavebn\u00edch \u0161at\u016f opravdov\u00fd o\u0159\u00ed\u0161ek, a to z mnoha d\u016fvod\u016f. N\u011bkdo nev\u00ed, co by cht\u011bl a n\u011bkdo toho chce naopak a\u017e p\u0159esp\u0159\u00edli\u0161.Sta\u010d\u00ed dobr\u00e9 rady od odborn\u00edk\u016fAbyste na sob\u011b mohla m\u00edt skute\u010dn\u011b n\u011bco, co jste si p\u0159edstavovala pouze ve sv\u00fdch snech, je dobr\u00e9 p\u0159ij\u00edt do profesion\u00e1ln\u00edch sal\u00f3n\u016f. Tam si m\u016f\u017eete v\u0161e nejenom vyzkou\u0161et, ale tak\u00e9 v\u00e1s mohou pracovnice t\u011bchto sal\u00f3nu objektivn\u011b zhodnotit. To se v\u00e1m bude l\u00edbit p\u0159edev\u0161\u00edm tehdy, kdy\u017e budete nerozhodn\u00e1 a budete vyb\u00edrat ze dvou nebo v\u00edce variant. Pokud chcete vypadat jako ta nejkr\u00e1sn\u011bj\u0161\u00ed nev\u011bsta ze v\u0161ech, sta\u010d\u00ed p\u0159ij\u00edt tam, kde t\u011bmto v\u011bcem rozum\u00ed a kde v\u00e1m pomohou vybrat to nejlep\u0161\u00ed.                                                                                                                                                                                                                                                                                                                                                                                        3.5\/5 - (11 votes)        "},{"@context":"https:\/\/schema.org\/","@type":"BreadcrumbList","itemListElement":[{"@type":"ListItem","position":1,"name":"Oble\u010dte se kr\u00e1sn\u011b, ale i pohodln\u011b","item":"https:\/\/www.acei.cz\/oblecte-se-krasne-ale-i-pohodlne\/#breadcrumbitem"}]}]