[{"@context":"https:\/\/schema.org\/","@type":"Article","@id":"https:\/\/www.acei.cz\/ochrana-pred-destem\/#Article","mainEntityOfPage":"https:\/\/www.acei.cz\/ochrana-pred-destem\/","headline":"Ochrana p\u0159ed de\u0161t\u011bm","name":"Ochrana p\u0159ed de\u0161t\u011bm","description":"V de\u0161ti s sebou mus\u00edme m\u00e1t pl\u00e1\u0161t\u011bnku \u010di de\u0161tn\u00edk, abychom nep\u0159i\u0161li \u00fapln\u011b promo\u010den\u00ed. Z tohoto d\u016fvodu je skute\u010dn\u011b v\u00fdhodn\u00e9 je m\u00edt jako reklamn\u00ed p\u0159edm\u011bt. Ochrana p\u0159ed de\u0161t\u011bm Spolehliv\u00fd de\u0161tn\u00edk P\u0159\u00edroda m\u016f\u017ee b\u00fdt velmi nevyzpytateln\u00e1, tak\u017ee kdy\u017e si vyraz\u00edme t\u0159eba na n\u00e1kupy \u010di proch\u00e1zku v hork\u00e9m letn\u00edm dnu, kdy v\u0161ichni chod\u00ed v kr\u00e1tk\u00fdch tri\u010dk\u00e1ch a letn\u00edm","datePublished":"2021-01-18","dateModified":"2023-10-05","author":{"@type":"Person","@id":"https:\/\/www.acei.cz\/author\/#Person","name":"acei.cz\n","url":"https:\/\/www.acei.cz\/author\/","identifier":1,"image":{"@type":"ImageObject","@id":"https:\/\/secure.gravatar.com\/avatar\/d6cba3ab97c30e0df0e32548954cb6b1550f4672bd3a4687bf1118b122d757e8?s=96&d=mm&r=g","url":"https:\/\/secure.gravatar.com\/avatar\/d6cba3ab97c30e0df0e32548954cb6b1550f4672bd3a4687bf1118b122d757e8?s=96&d=mm&r=g","height":96,"width":96}},"publisher":{"@type":"Organization","name":"acei.cz","logo":{"@type":"ImageObject","@id":"\/logo.png","url":"\/logo.png","width":600,"height":60}},"image":{"@type":"ImageObject","@id":"https:\/\/www.acei.cz\/wp-content\/uploads\/r%C5%AF%C5%BEov%C3%BD%20vrt%C3%A1k.jpg","url":"https:\/\/www.acei.cz\/wp-content\/uploads\/r%C5%AF%C5%BEov%C3%BD%20vrt%C3%A1k.jpg","height":0,"width":0},"url":"https:\/\/www.acei.cz\/ochrana-pred-destem\/","about":["N\u00e1kupy"],"wordCount":500,"articleBody":"        V de\u0161ti s sebou mus\u00edme m\u00e1t pl\u00e1\u0161t\u011bnku \u010di de\u0161tn\u00edk, abychom nep\u0159i\u0161li \u00fapln\u011b promo\u010den\u00ed. Z tohoto d\u016fvodu je skute\u010dn\u011b v\u00fdhodn\u00e9 je m\u00edt jako reklamn\u00ed p\u0159edm\u011bt.Ochrana p\u0159ed de\u0161t\u011bmSpolehliv\u00fd de\u0161tn\u00edkP\u0159\u00edroda m\u016f\u017ee b\u00fdt velmi nevyzpytateln\u00e1, tak\u017ee kdy\u017e si vyraz\u00edme t\u0159eba na n\u00e1kupy \u010di proch\u00e1zku v hork\u00e9m letn\u00edm dnu, kdy v\u0161ichni chod\u00ed v kr\u00e1tk\u00fdch tri\u010dk\u00e1ch a letn\u00edm oble\u010den\u00ed m\u016f\u017ee p\u0159ij\u00edt zm\u011bna po\u010das\u00ed v podob\u011b bou\u0159ky a prudk\u00e9ho de\u0161t\u011b. Z tohoto d\u016fvodu se vyplat\u00ed u sebe neust\u00e1le nosit de\u0161tn\u00edk \u010di pl\u00e1\u0161t\u011bnku, aby n\u00e1s rozhodn\u011b nic nezasko\u010dilo. Takto toti\u017e budeme t\u0159eba schov\u00e1n\u00ed pod de\u0161tn\u00edkem a budeme moci kamkoliv doj\u00edt. Dnes u\u017e se v drtiv\u00e9 v\u011bt\u0161in\u011b p\u0159\u00edpad\u016f nos\u00ed pouze skl\u00e1dac\u00ed de\u0161tn\u00edky, proto\u017ee ten d\u00e1me do ta\u0161ky a m\u016f\u017eeme j\u00edt. Jakmile za\u010dne pr\u0161et, tak je vyt\u00e1hneme, rozlo\u017e\u00edme a m\u016f\u017eeme j\u00edt pohodln\u011b d\u00e1le. V\u00fdrobci dbaj\u00ed tak\u00e9 na n\u00edzkou hmotnost, abychom v\u0161ude nosili lehk\u00fd a tak\u00e9 snadno skladn\u00fd de\u0161tn\u00edk, tak\u017ee n\u00e1m nebude v\u016fbec p\u0159ek\u00e1\u017eet. Rozhodn\u011b si mus\u00edme v\u0161imnout tak\u00e9 hezk\u00e9ho designu od r\u016fzn\u00fdch v\u00fdrobk\u016f, proto\u017ee od klasick\u00fdch barev se m\u016f\u017eeme dostat k p\u011bkn\u00fdm motiv\u016fm, p\u0159i\u010dem\u017e samotn\u00fd v\u00fdb\u011br u\u017e je na V\u00e1s.Viditeln\u00e1 reklamaKdy\u017e za\u010dne pr\u0161et, tak spousta lid\u00ed za\u010dne ve m\u011bst\u011b otev\u00edrat de\u0161tn\u00edky, kter\u00fdmi se to jen hem\u017e\u00ed. Kv\u016fli tomu je pro firmy velmi v\u00fdhodn\u00e9, proto\u017ee na de\u0161tn\u00edky m\u016f\u017eou d\u00e1t logo sv\u00e9 firmy a ka\u017ed\u00fd si ho m\u016f\u017ee prohl\u00e9dnout. Z tohoto d\u016fvodu odborn\u00e1 spole\u010dnost prod\u00e1v\u00e1 reklamn\u00ed de\u0161tn\u00edky, kde m\u016f\u017eete um\u00edstit sv\u00e9 logo, n\u00e1zev, slogan \u010di jin\u00fd prvek, d\u00edky kter\u00e9mu si n\u00e1s lid\u00e9 spoj\u00ed. Krom\u011b de\u0161t\u00edk\u016f zde maj\u00ed opravdu \u0161irok\u00fd v\u00fdb\u011br pl\u00e1\u0161t\u011bnek v\u0161ech barev, co\u017e sice nen\u00ed t\u0159eba ve m\u011bst\u011b a\u017e tak obl\u00edben\u00e1 z\u00e1le\u017eitost k no\u0161en\u00ed, ale pokud n\u00e1s d\u00e9\u0161\u0165 p\u0159istihne a v\u00fdlet\u011b, tak se rozhodn\u011b pl\u00e1\u0161t\u011bnka bude hodit a z\u00e1rove\u0148 budeme r\u00e1di, \u017ee ji v\u016fbec m\u00e1me. Ceny jsou n\u00edzk\u00e9, abyste si mohli dovolit t\u011bchto p\u0159edm\u011bt\u016f skute\u010dn\u011b koupit hodn\u011b a zajistit propagaci s dobr\u00fdm dosahem. U\u017eite\u010dn\u00e9 reklamn\u00ed p\u0159edm\u011bty jako propagace na\u0161\u00ed spole\u010dnosti funguj\u00ed skute\u010dn\u011b dob\u0159e, proto\u017ee je lid\u00e9 pou\u017e\u00edvaj\u00ed, tak\u017ee jsou vid\u011bt a mnohdy dos\u00e1hnout mnohem v\u011bt\u0161\u00edho dosahu ne\u017e klasick\u00e1 reklama.                                                                                                                                                                                                                                                                                                                                                                                          4.2\/5 - (12 votes)        "},{"@context":"https:\/\/schema.org\/","@type":"BreadcrumbList","itemListElement":[{"@type":"ListItem","position":1,"name":"Ochrana p\u0159ed de\u0161t\u011bm","item":"https:\/\/www.acei.cz\/ochrana-pred-destem\/#breadcrumbitem"}]}]