[{"@context":"https:\/\/schema.org\/","@type":"Article","@id":"https:\/\/www.acei.cz\/sice-vam-neni-tricet-ale-proc-se-kvuli-tomu-trapit\/#Article","mainEntityOfPage":"https:\/\/www.acei.cz\/sice-vam-neni-tricet-ale-proc-se-kvuli-tomu-trapit\/","headline":"Sice v\u00e1m nen\u00ed t\u0159icet, ale pro\u010d se kv\u016fli tomu tr\u00e1pit?","name":"Sice v\u00e1m nen\u00ed t\u0159icet, ale pro\u010d se kv\u016fli tomu tr\u00e1pit?","description":"Jste-li \u017eena, kter\u00e1 m\u00e1 za sebou tak dlouhou etapu \u017eivota, je \u0161koda je\u0161t\u011b bilancovat a p\u0159em\u00fd\u0161let jen o st\u00e1rnut\u00ed! P\u0159ed v\u00e1mi je p\u0159eci je\u0161t\u011b p\u011bkn\u00fd kus \u017eivota! Tak pro\u010d se tr\u00e1pit takov\u00fdmi hloupostmi o senilit\u011b? Na tu m\u00e1te je\u0161t\u011b \u010dasu dost a dost! Klimakterium je obdob\u00ed, kdy si m\u016f\u017eete ztr\u00e1tu sv\u00e9 \u017eensk\u00e9 plodnosti siln\u011b uv\u011bdomovat","datePublished":"2024-11-24","dateModified":"2024-11-24","author":{"@type":"Person","@id":"https:\/\/www.acei.cz\/author\/#Person","name":"acei.cz\n","url":"https:\/\/www.acei.cz\/author\/","identifier":1,"image":{"@type":"ImageObject","@id":"https:\/\/secure.gravatar.com\/avatar\/d6cba3ab97c30e0df0e32548954cb6b1550f4672bd3a4687bf1118b122d757e8?s=96&d=mm&r=g","url":"https:\/\/secure.gravatar.com\/avatar\/d6cba3ab97c30e0df0e32548954cb6b1550f4672bd3a4687bf1118b122d757e8?s=96&d=mm&r=g","height":96,"width":96}},"publisher":{"@type":"Organization","name":"acei.cz","logo":{"@type":"ImageObject","@id":"\/logo.png","url":"\/logo.png","width":600,"height":60}},"url":"https:\/\/www.acei.cz\/sice-vam-neni-tricet-ale-proc-se-kvuli-tomu-trapit\/","wordCount":160,"articleBody":"Jste-li \u017eena, kter\u00e1 m\u00e1 za sebou tak dlouhou etapu \u017eivota, je \u0161koda je\u0161t\u011b bilancovat a p\u0159em\u00fd\u0161let jen o st\u00e1rnut\u00ed! P\u0159ed v\u00e1mi je p\u0159eci je\u0161t\u011b p\u011bkn\u00fd kus \u017eivota! Tak pro\u010d se tr\u00e1pit takov\u00fdmi hloupostmi o senilit\u011b? Na tu m\u00e1te je\u0161t\u011b \u010dasu dost a dost! Klimakterium je obdob\u00ed, kdy si m\u016f\u017eete ztr\u00e1tu sv\u00e9 \u017eensk\u00e9 plodnosti siln\u011b uv\u011bdomovat a trp\u011bt proto depresemi a pocity m\u00e9n\u011bcennosti! Ale! Kdy\u017e m\u00e1te d\u011bti odrostl\u00e9, t\u011b\u0161te se na vnou\u010d\u00e1tka, kter\u00e1 v\u00e1m mohou p\u0159in\u00e9st spoustu radosti!\tS\u00f3lo pro \u017eeny!\u017deny maj\u00ed sv\u00e9 s\u00f3lo v ka\u017ed\u00e9m v\u011bku! S menopauzou rozhodn\u011b nic dramatick\u00e9ho nekon\u010d\u00ed! U\u017eijte si toto obdob\u00ed v klidu a bez zbyte\u010dn\u00e9ho tr\u00e1pen\u00ed! Jak? No p\u0159eci s Menoxem 45! Jedine\u010dn\u00fd prepar\u00e1t na va\u0161e deprese, migr\u00e9ny \u010di nostalgick\u00e9 stavy!                                                                                                                                                                                                                                                                                                                                                                                        3\/5 - (1 vote)        "},{"@context":"https:\/\/schema.org\/","@type":"BreadcrumbList","itemListElement":[{"@type":"ListItem","position":1,"name":"Sice v\u00e1m nen\u00ed t\u0159icet, ale pro\u010d se kv\u016fli tomu tr\u00e1pit?","item":"https:\/\/www.acei.cz\/sice-vam-neni-tricet-ale-proc-se-kvuli-tomu-trapit\/#breadcrumbitem"}]}]